{"id":19066,"date":"2026-03-07T06:15:40","date_gmt":"2026-03-07T05:15:40","guid":{"rendered":"https:\/\/www.oeffentlichkeitsgesetz.ch\/deutsch\/?p=19066"},"modified":"2026-03-23T17:52:51","modified_gmt":"2026-03-23T16:52:51","slug":"prix-transparence-2025-fuer-wav-und-republik","status":"publish","type":"post","link":"https:\/\/www.oeffentlichkeitsgesetz.ch\/deutsch\/2026\/03\/prix-transparence-2025-fuer-wav-und-republik\/","title":{"rendered":"Prix Transparence 2025 f\u00fcr \u00abWAV\u00bb und \u00abRepublik\u00bb"},"content":{"rendered":"<p><div class=\"embed-responsive embed-responsive-16by9\"><div class=\"iframe-container\"><iframe loading=\"lazy\" class=\"embed-responsive-item\"  title=\"Prix Transparence 2025 \u2013 \u00d6ffentlichkeitsgesetz.ch\" width=\"500\" height=\"281\" src=\"https:\/\/www.youtube.com\/embed\/2os7QYdfP1Y?feature=oembed\" frameborder=\"0\" allow=\"accelerometer; autoplay; clipboard-write; encrypted-media; gyroscope; picture-in-picture; web-share\" referrerpolicy=\"strict-origin-when-cross-origin\" allowfullscreen><\/iframe><\/div><\/div>\n<\/p>\n<p><em><p class=\"video-caption\"> <\/em>\u00abWAV\u00bb und \u00abRepublik\u00bb spannten f\u00fcr diese Recherche zusammen.<em><\/p><\/em><\/p>\n<p><em>Von Martin Stoll. <\/em><strong>59 Zugangsgesuche von \u00abWAV Recherchekollektiv\u00bb und \u00abRepublik\u00bb zeigen, wie das US-Techunternehmen Palantir Schweizer Beh\u00f6rden \u00dcberwachungstechnologie verkaufen wollte. F\u00fcr die Recherche erhalten die Medienschaffenden den Prix Transparence.<\/strong><\/p>\n<p>Langj\u00e4hrige offensive Verkaufskampagnen, informelle Kontakte, zahlreiche Gespr\u00e4che: Interne Dokumente des Bundes zeigen, wie hartn\u00e4ckig das umstrittene US-Tech-Unternehmen Palantir versuchte, seine \u00dcberwachungstechnologie Schweizer Beh\u00f6rden zu verkaufen.<\/p>\n<p>&nbsp;<\/p>\n<p><!--more--><\/p>\n<p>Aus zehn nominierten Beitr\u00e4gen k\u00fcrte jetzt eine <a href=\"https:\/\/www.oeffentlichkeitsgesetz.ch\/deutsch\/jury-prix-transparence-2025\/\" target=\"_blank\" rel=\"noopener\">Fachjury<\/a> die <a href=\"https:\/\/www.republik.ch\/2025\/12\/08\/wie-hartnaeckig-palantir-die-schweiz-umwarb\" target=\"_blank\" rel=\"noopener\">gemeinsame Recherche<\/a> von Jennifer Steiner, Balz Oertli, Lorenz Naegeli und Marguerite Meyer von \u00abWAV Recherchekollektiv\u00bb sowie von Adrienne Fichter von der \u00abRepublik\u00bb zur besten des Jahres.<\/p>\n<p><strong>Die Suche nach Kontakten mit Palantir<\/strong><\/p>\n<p>\u00abWir wollten wissen: Wo ist diese Firma mit dem Bund in Kontakt getreten? Daf\u00fcr war das \u00d6ffentlichkeitsgesetz das perfekte Tool\u00bb, sagt Balz Oertli von \u00abWAV Recherchekollektiv\u00bb.<\/p>\n<p>Zuerst verlangten die Medienschaffenden Listen mit allen Suchresultaten zur Stichwortsuche \u00abPalantir\u00bb in der verwaltungsinternen Gesch\u00e4ftsdatenbank Acta Nova. Die meisten Bundes\u00e4mter kamen den Gesuchen nach. Vier \u00c4mter, darunter das Generalsekretariat des Finanzdepartements, verweigerten jedoch die Einsicht.<\/p>\n<div class=\"infobox\"><\/p>\n<p><strong>Preistr\u00e4gerinnen und Preistr\u00e4ger des Prix Transparence<\/strong><\/p>\n<p><em>\u00d6ffentlichkeitsgesetz.ch verleiht den Prix Transparence zum achten Mal. Damit ausgezeichnet werden Medienschaffende, die ein \u00d6ffentlichkeitsgesetz zielf\u00fchrend und wirkungsvoll anwenden.<br \/>\n\u00a0<\/em><div class=\"infobox-more\"><button class=\"info-plus\" type=\"button\"><\/button><div class=\"infobox-inner\"><\/p>\n<p>F\u00fcr <a href=\"https:\/\/www.republik.ch\/2025\/12\/08\/wie-hartnaeckig-palantir-die-schweiz-umwarb\" target=\"_blank\" rel=\"noopener\">ihre Recherche zu Palantir<\/a> wurden Jennifer Steiner, Balz Oertli, Lorenz Naegeli und Marguerite Meyer von \u00abWAV Recherchekollektiv\u00bb sowie Adrienne Fichter von der \u00abRepublik\u00bb mit einem Pokal des Berner Kunstglasers Daniel Stettler aus Berner Amtshaus-Sandstein und Glas ausgezeichnet.<\/p>\n<ul>\n<li><strong>2024<\/strong> wurde <em><a href=\"https:\/\/www.oeffentlichkeitsgesetz.ch\/downloads\/geschichten\/artikel\/2024-02-17-Steuergeschenk%20f%C3%BCr%20Millard%C3%A4re-Reflekt.pdf\" target=\"_blank\" rel=\"noopener\">Anina Ritscher (\u00abReflekt\u00bb)<\/a><\/em> f\u00fcr ihr Recherche \u00fcber den Einfluss der Schifffahrtslobby auf eine Gesetzesvorlage geehrt.<\/li>\n<li><strong>2023<\/strong> wurde <em><a href=\"https:\/\/www.youtube.com\/watch?v=_gw9jai7e3o&amp;t=2s\">Simon Marti (\u00abNZZ am Sonntag\u00bb)<\/a><\/em> f\u00fcr seine Recherche zur Sanktionspolitik gegen\u00fcber China pr\u00e4miert.<\/li>\n<li><strong>2022<\/strong> wurde der Journalist\u00a0<em><u><a href=\"https:\/\/www.youtube.com\/watch?v=-YcotbRFdEA&amp;t=2s\">Yves Demuth (\u00abBeobachter\u00bb)<\/a><\/u><\/em> Er verlangte von der Verwaltung Fakten zu internierten jungen Frauen heraus.<\/li>\n<li><strong>2021<\/strong> wurde die Journalistin\u00a0<a href=\"https:\/\/www.youtube.com\/watch?v=bSbI8vV5SZU&amp;t=12s\"><em>Adrienne Fichter (\u00abRepublik\u00bb)<\/em><\/a> Mit amtlichen Dokumenten hat sie bundesinterne Diskussionen \u00fcber eine Privatisierung der elektronischen Identit\u00e4t rekonstruiert.\u00a0<\/li>\n<li><strong>2020<\/strong> wurden die Journalisten\u00a0<a href=\"https:\/\/www.youtube.com\/watch?v=9F9IwjtLJvc\"><em>Jan Jir\u00e1t, Kaspar Surber und Lorenz Naegeli (\u00abWOZ \u2013 Die Wochenzeitung\u00bb)<\/em><\/a><em>\u00a0<\/em>geehrt. F\u00fcnf Jahre k\u00e4mpften sie f\u00fcr Daten, die einen Einblick ins Schweizer R\u00fcstungsgesch\u00e4ft erm\u00f6glichten.<\/li>\n<li><strong>2019<\/strong> wurden\u00a0<a href=\"https:\/\/www.youtube.com\/watch?v=4xzxLqn5QTU&amp;feature=emb_logo\"><em>Nina Blaser und Anielle Peterhans (\u00abRundschau\u00bb)<\/em><\/a> Sie brachten die Fakten \u00fcber die Preisverhandlungen zu einem Krebsmedikament auf den Tisch.<\/li>\n<li><strong>2018<\/strong> wurde\u00a0<a href=\"https:\/\/www.youtube.com\/watch?v=M63mge87OTU&amp;feature=emb_logo\"><em>Philippe Boeglin (\u00abLa Libert\u00e9\u00bb)<\/em><\/a>\u00a0geehrt. Er enth\u00fcllte mithilfe des \u00d6ffentlichkeitsgesetzes Spesenexzesse der Armee.<\/li>\n<\/ul>\n<p>Den<strong> Prix Transparence Regio<\/strong> verleiht \u00d6ffentlichkeitsgesetz seit 2022 f\u00fcr journalistische Leistungen, die mit den \u00d6ffentlichkeitsgesetzen der Kantone umgesetzt worden sind.\u00a0Dieses Jahr erhielten Sandro B\u00fcchler, Jochen Tempelmann und Davide De Martis vom \u00abSt. Galler Tagblatt\u00bb den Prix Transparence Regio f\u00fcr ihre Recherche \u00fcber einen <a href=\"https:\/\/www.oeffentlichkeitsgesetz.ch\/downloads\/geschichten\/artikel\/2025-04-12-St-Galler-Tagblatt-Umweltskandal-Bodensee-Teil1.pdf\" target=\"_blank\" rel=\"noopener\">vertuschten Umweltskandal am Bodensee<\/a>.<\/p>\n<ul>\n<li><strong>2024<\/strong> wurde <em><a href=\"https:\/\/www.oeffentlichkeitsgesetz.ch\/downloads\/geschichten\/artikel\/2024-01-24-Le-Temps-Pensionskasse-Genf.pdf\" target=\"_blank\" rel=\"noopener\">David Haeberli (\u00abLe Temps\u00bb)<\/a> <\/em>f\u00fcr seine Recherche zu Missst\u00e4nden bei der Genfer Pensionskasse ausgezeichnet.<\/li>\n<li><strong>2023<\/strong> wurde <em><a href=\"https:\/\/www.youtube.com\/watch?v=BHjAhh9L8dw&amp;t=1s\">J\u00e9r\u00e9my Seydoux (\u00abL\u00e9man Bleu\u00bb)<\/a><\/em> f\u00fcr seine Recherchen zur Wahlkampagne der Genfer Staatsr\u00e4tin Fabienne Fischer geehrt.<\/li>\n<li><strong>2022<\/strong> ausgezeichnet wurde der Innerschweizer Journalist <u><a href=\"https:\/\/www.zentralplus.ch\/politik\/so-liess-die-regierung-villigers-arbeit-untersuchen-2498740\/\"><em>Kilian K\u00fcttel (\u00abZentralplus\u00bb)<\/em>.<\/a><\/u> Er recherchierte mit dem Zuger \u00d6ffentlichkeitsgesetz zum R\u00fccktritt des Zuger Sicherheitsdirektors.\u00a0<\/li>\n<\/ul>\n<p><\/div><\/div><br \/>\n<\/div>\n<p>Basierend auf diesen Listen fragten die Journalistinnen und Journalisten nach spezifischen Dokumenten. Diese zeigen: Palantir blitzte bei den Bundesbeh\u00f6rden immer wieder ab. Einzig das Bundesamt f\u00fcr R\u00fcstung und die Schweizer Armee untersuchten einen m\u00f6glichen Einsatz der angepriesenen Produkte. Sie kamen zum Schluss, dass dies wegen der Vertraulichkeit der Daten zu heikel sei \u2013 oder ein Reputationsschaden drohe.<\/p>\n<p><strong>Kooperation als Schl\u00fcssel zur Recherche<\/strong><\/p>\n<p>Jury-Mitglied Martina Fehr unterstreicht nicht nur die Akribie und Hartn\u00e4ckigkeit der Journalistinnen und Journalisten, sondern auch deren Zusammenarbeit: \u00abDie Recherche zeigt, wie kooperativer Journalismus komplexe Macht- und Abh\u00e4ngigkeitsstrukturen aufdecken und f\u00fcr alle sichtbar machen kann.\u00bb<\/p>\n<p><em>\u00d6ffentlichkeitsgesetz.ch<\/em> verleiht den Prix Transparence zum achten Mal. Damit ausgezeichnet werden Medienschaffende, welche ein \u00d6ffentlichkeitsgesetz zielf\u00fchrend und wirkungsvoll anwenden.<\/p>\n<p>\u00d6ffentlichkeitsgesetze von Bund und Kantonen entwickeln sich zunehmend zu einem unverzichtbaren Werkzeug des Recherchejournalismus. Eine gute Umsetzungspraxis erm\u00f6glicht nicht nur guten Journalismus, sondern ist auch zentral f\u00fcr die demokratische Kultur.<\/p>\n<p><strong>Regionalpreis geht in die Ostschweiz<\/strong><\/p>\n<p>Zum vierten Mal ausgezeichnet wurde auch die beste journalistische Leistung, die mit kantonalen \u00d6ffentlichkeitsgesetzen umgesetzt worden ist. Dieses Jahr geht der Prix Transparence Regio an Sandro B\u00fcchler, Jochen Tempelmann und Davide De Martis vom \u00abSt. Galler Tagblatt\u00bb. Ihre Recherche deckte einen <a href=\"https:\/\/www.oeffentlichkeitsgesetz.ch\/downloads\/geschichten\/artikel\/2025-04-12-St-Galler-Tagblatt-Umweltskandal-Bodensee-Teil1.pdf\" target=\"_blank\" rel=\"noopener\">grossen Umweltskandal<\/a> beim Verpackungskonzern Amcor in Goldach SG auf.<\/p>\n<p><div class=\"embed-responsive embed-responsive-16by9\"><div class=\"iframe-container\"><iframe loading=\"lazy\" class=\"embed-responsive-item\"  title=\"Prix Transparence Regio 2025 \u2013 \u00d6ffentlichkeitsgesetz.ch\" width=\"500\" height=\"281\" src=\"https:\/\/www.youtube.com\/embed\/JcQAR7be48g?feature=oembed\" frameborder=\"0\" allow=\"accelerometer; autoplay; clipboard-write; encrypted-media; gyroscope; picture-in-picture; web-share\" referrerpolicy=\"strict-origin-when-cross-origin\" allowfullscreen><\/iframe><\/div><\/div>\n<\/p>\n<p><em><p class=\"video-caption\"> Das \u00abSt. Galler Tagblatt\u00bb ging bis vor Bundesgericht. <\/em>\u00a0<em><\/p><\/em><\/p>\n<p>Aufgrund zweier Chemieunf\u00e4lle gelangte tonnenweise giftiger L\u00f6schschaum mit PFAS in den Bodensee. Das Unternehmen versuchte, dies zu verheimlichen. Dies zeigen Dokumente, die die Journalisten basierend auf den Regeln zur Justiz\u00f6ffentlichkeit und dem \u00d6ffentlichkeitsgesetz verlangt haben.<\/p>\n<p>Weil Amcor die Herausgabe der Strafakten verhindern wollte, musste die Redaktion zwei Mal bis vor das Bundesgericht gelangen \u2013 und erhielt zwei Mal Recht. \u00abDie Informationsrechte stehen uns Journalistinnen und Journalisten zu. Wir m\u00fcssen sie st\u00e4ndig einfordern \u2013 auch wenn es bis vor Bundesgericht geht\u00bb, so Sandro B\u00fcchler vom \u00abSt. Galler Tagblatt\u00bb.<\/p>\n<p><strong>Recherchen zu Frontex, Fl\u00fcchtlingslager und Incel ausgezeichnet<\/strong><\/p>\n<p>Den 2. Platz des nationalen Prix Transparence gewinnen Jennifer Steiner und Lorenz Naegeli (\u00abWAV Recherchekollektiv\u00bb) f\u00fcr ihre Recherchen \u00fcber Frontex und die Rolle der Schweiz an den europ\u00e4ischen Aussengrenzen.<\/p>\n<p>Mit dem 3. Platz ausgezeichnet werden Lukas H\u00e4uptli, Osama Abdullah und Lorenz Naegeli (\u00abRepublik\u00bb und \u00abWAV Recherchekollektiv\u00bb) f\u00fcr ihre Recherche \u00fcber die Verh\u00e4ltnisse in einem griechischen Fl\u00fcchtlingslager.<\/p>\n<p>Ebenfalls mit dem 3. Platz ausgezeichnet werden Stefanie Hasler und Sonja M\u00fchlemann (\u00abSRF Investigativ\u00bb) f\u00fcr ihre Recherche \u00fcber Incel-Extremismus in der Schweiz.<\/p>\n<p><strong>Regio-Recherchen zu Steuerschildern und Berufsverboten <\/strong><\/p>\n<p>Den 2. Platz des Prix Transparence Regio erh\u00e4lt St\u00e9phanie Arboit (\u00abLe Temps\u00bb) \u00fcber die zu tiefe Besteuerung reicher Personen im Kanton Waadt.<\/p>\n<p>Der 3. Platz des Prix Transparence Regio geht an Camille Krafft von \u00abBlick Romandie\u00bb f\u00fcr ihre Recherche \u00fcber Ausschaffungen im Kanton Waadt.<\/p>\n<p>Insgesamt hat<em> \u00d6ffentlichkeitsgesetz.ch<\/em> 162 Beitr\u00e4ge von 57 Redaktionen aus Presse, Rundfunk und TV evaluiert, welche 2025 mithilfe eines \u00d6ffentlichkeitsgesetzes realisiert worden sind. Zehn davon wurden f\u00fcr den Prix Transparence 2025, zehn f\u00fcr den Prix Transparence Regio 2025 <a href=\"https:\/\/www.oeffentlichkeitsgesetz.ch\/deutsch\/2026\/01\/das-sind-die-nominierten-fuer-den-prix-transparence-2025\/\">nominiert<\/a>. Gerade der Anteil lokaler und regionaler Beitr\u00e4ge ist in den vergangenen Jahren konstant gestiegen \u2013 von 19 Prozent im Jahr 2020 auf 35 Prozent im Jahr 2025.<\/p>\n","protected":false},"excerpt":{"rendered":"<p>Von Martin Stoll. 59 Zugangsgesuche von \u00abWAV Recherchekollektiv\u00bb und \u00abRepublik\u00bb zeigen, wie das US-Techunternehmen Palantir Schweizer Beh\u00f6rden \u00dcberwachungstechnologie verkaufen wollte. F\u00fcr die Recherche erhalten die Medienschaffenden den Prix Transparence. Langj\u00e4hrige offensive Verkaufskampagnen, informelle Kontakte, zahlreiche Gespr\u00e4che: Interne Dokumente des Bundes zeigen, wie hartn\u00e4ckig das umstrittene US-Tech-Unternehmen Palantir versuchte, seine \u00dcberwachungstechnologie Schweizer Beh\u00f6rden zu verkaufen. &nbsp;<\/p>\n","protected":false},"author":12,"featured_media":0,"comment_status":"closed","ping_status":"closed","sticky":false,"template":"","format":"standard","meta":{"footnotes":""},"categories":[1],"tags":[54,194,41,152,188],"class_list":["post-19066","post","type-post","status-publish","format-standard","hentry","category-bundesverwaltung","tag-bundesgericht","tag-bundesverwaltung","tag-gs-vbs","tag-kanton-st-gallen","tag-prix-transparence"],"_links":{"self":[{"href":"https:\/\/www.oeffentlichkeitsgesetz.ch\/deutsch\/wp-json\/wp\/v2\/posts\/19066","targetHints":{"allow":["GET"]}}],"collection":[{"href":"https:\/\/www.oeffentlichkeitsgesetz.ch\/deutsch\/wp-json\/wp\/v2\/posts"}],"about":[{"href":"https:\/\/www.oeffentlichkeitsgesetz.ch\/deutsch\/wp-json\/wp\/v2\/types\/post"}],"author":[{"embeddable":true,"href":"https:\/\/www.oeffentlichkeitsgesetz.ch\/deutsch\/wp-json\/wp\/v2\/users\/12"}],"replies":[{"embeddable":true,"href":"https:\/\/www.oeffentlichkeitsgesetz.ch\/deutsch\/wp-json\/wp\/v2\/comments?post=19066"}],"version-history":[{"count":4,"href":"https:\/\/www.oeffentlichkeitsgesetz.ch\/deutsch\/wp-json\/wp\/v2\/posts\/19066\/revisions"}],"predecessor-version":[{"id":19105,"href":"https:\/\/www.oeffentlichkeitsgesetz.ch\/deutsch\/wp-json\/wp\/v2\/posts\/19066\/revisions\/19105"}],"wp:attachment":[{"href":"https:\/\/www.oeffentlichkeitsgesetz.ch\/deutsch\/wp-json\/wp\/v2\/media?parent=19066"}],"wp:term":[{"taxonomy":"category","embeddable":true,"href":"https:\/\/www.oeffentlichkeitsgesetz.ch\/deutsch\/wp-json\/wp\/v2\/categories?post=19066"},{"taxonomy":"post_tag","embeddable":true,"href":"https:\/\/www.oeffentlichkeitsgesetz.ch\/deutsch\/wp-json\/wp\/v2\/tags?post=19066"}],"curies":[{"name":"wp","href":"https:\/\/api.w.org\/{rel}","templated":true}]}}