{"id":18309,"date":"2025-06-19T10:00:18","date_gmt":"2025-06-19T08:00:18","guid":{"rendered":"https:\/\/www.oeffentlichkeitsgesetz.ch\/deutsch\/?p=18309"},"modified":"2025-06-19T10:28:53","modified_gmt":"2025-06-19T08:28:53","slug":"oeffentlichkeitsgesetz-ch-geht-jetzt-in-die-ostschweiz","status":"publish","type":"post","link":"https:\/\/www.oeffentlichkeitsgesetz.ch\/deutsch\/2025\/06\/oeffentlichkeitsgesetz-ch-geht-jetzt-in-die-ostschweiz\/","title":{"rendered":"\u00d6ffentlichkeitsgesetz.ch geht jetzt in die Ostschweiz"},"content":{"rendered":"<div id=\"attachment_18321\" class=\"wp-caption alignnone\" style=\"width: 592px\"><img loading=\"lazy\" decoding=\"async\" class=\"size-full wp-image-18321\" src=\"https:\/\/www.oeffentlichkeitsgesetz.ch\/deutsch\/files\/2025\/06\/Bild_Blog_regio-Winti.jpg\" alt=\"\" width=\"582\" height=\"327\" srcset=\"https:\/\/www.oeffentlichkeitsgesetz.ch\/deutsch\/files\/2025\/06\/Bild_Blog_regio-Winti.jpg 582w, https:\/\/www.oeffentlichkeitsgesetz.ch\/deutsch\/files\/2025\/06\/Bild_Blog_regio-Winti-300x169.jpg 300w\" sizes=\"auto, (max-width: 582px) 100vw, 582px\" \/> Projektauftakt: Medien und Verwaltung tauschten sich am gemeinsamen Tisch aus. (Foto: Raphael H\u00fcnerfauth)<p class=\"wp-caption-text\"><\/p><\/div>\n<p><em>Von Eva Hirschi.<\/em><strong>\u00a0Die vierte Staffel unseres Regionenprojekts ist gestartet: Neu setzt sich \u00d6ffentlichkeitsgesetz.ch auch in den Kantonen St. Gallen, Thurgau und Schaffhausen mit diversen Aktivit\u00e4ten f\u00fcr eine gute Umsetzung des \u00d6ffentlichkeitsprinzips ein.<\/strong><\/p>\n<p>St. Gallen hat eines, der Thurgau auch, Schaffhausen zumindest indirekt: Die \u00d6ffentlichkeitsgesetze werden in den Ostschweizer Kantonen unterschiedlich gehandhabt. So hat der Thurgau einen eigenen \u00d6ffentlichkeitsbeauftragten, der Kanton St. Gallen aber nicht. Schaffhausen wiederum setzt das \u00d6ffentlichkeitsprinzip schlank im Gesetz \u00fcber die Organisation der Regierungs- und Verwaltungst\u00e4tigkeit (OG) um.<\/p>\n<p><!--more--><\/p>\n<p><strong>Unterschiedliche Rechtslage<\/strong><\/p>\n<p>Trotz unterschiedlicher kantonaler Begebenheiten ist das Ziel des Regio-Projektes von <em>\u00d6ffentlichkeitsgesetz.ch<\/em> klar: Die Transparenz und damit auch das Vertrauen zwischen Verwaltung und Medien st\u00e4rken und damit einen Beitrag zur Sicherstellung eines Journalismus von hoher Qualit\u00e4t zu leisten.<\/p>\n<p>Nach Z\u00fcrich, der Nordwestschweiz und dem Genferseebogen setzt \u00d6ffentlichkeitsgesetz.ch auch in der vierten Staffel in der Ostschweiz auf Workshops, Schulungen und Coaching bis hin zu Online-Streaming-Angeboten mit tiefgehenden Diskussionen und \u00f6ffentlichen Veranstaltungen \u2013 sowohl f\u00fcr Medienschaffende als auch f\u00fcr Vertretende von kantonalen und kommunalen Verwaltungen.<\/p>\n<div class=\"wp-caption\" style=\"width: 582px\"><div class=\"slick-slider-blog\"><div><img decoding=\"async\" src=\"https:\/\/www.oeffentlichkeitsgesetz.ch\/deutsch\/files\/2025\/06\/2506181232_rhn7916_www.huenerfauth.ch_-scaled.jpg\" \/><\/div><div><img decoding=\"async\" src=\"https:\/\/www.oeffentlichkeitsgesetz.ch\/deutsch\/files\/2025\/06\/2506181159_rhn7777_www.huenerfauth.ch_-scaled.jpg\" \/><\/div><div><img decoding=\"async\" src=\"https:\/\/www.oeffentlichkeitsgesetz.ch\/deutsch\/files\/2025\/06\/2506181226_rhn7901_www.huenerfauth.ch_-scaled.jpg\" \/><\/div><div><img decoding=\"async\" src=\"https:\/\/www.oeffentlichkeitsgesetz.ch\/deutsch\/files\/2025\/06\/2506181145_rhn7716_www.huenerfauth.ch_-scaled.jpg\" \/><\/div><div><img decoding=\"async\" src=\"https:\/\/www.oeffentlichkeitsgesetz.ch\/deutsch\/files\/2025\/06\/2506181210_rhn7836_www.huenerfauth.ch_-scaled.jpg\" \/><\/div><div><img decoding=\"async\" src=\"https:\/\/www.oeffentlichkeitsgesetz.ch\/deutsch\/files\/2025\/06\/2506181315_rhn8004_www.huenerfauth.ch_-scaled.jpg\" \/><\/div><div><img decoding=\"async\" src=\"https:\/\/www.oeffentlichkeitsgesetz.ch\/deutsch\/files\/2025\/06\/2506181204_rhn7814_www.huenerfauth.ch_-scaled.jpg\" \/><\/div><div><img decoding=\"async\" src=\"https:\/\/www.oeffentlichkeitsgesetz.ch\/deutsch\/files\/2025\/06\/2506181319_rhn8022_www.huenerfauth.ch_-scaled.jpg\" \/><\/div><div><img decoding=\"async\" src=\"https:\/\/www.oeffentlichkeitsgesetz.ch\/deutsch\/files\/2025\/06\/2506181212_rhn7846_www.huenerfauth.ch_-scaled.jpg\" \/><\/div><div><img decoding=\"async\" src=\"https:\/\/www.oeffentlichkeitsgesetz.ch\/deutsch\/files\/2025\/06\/2506181246_rhn7954_www.huenerfauth.ch_-scaled.jpg\" \/><\/div><div><img decoding=\"async\" src=\"https:\/\/www.oeffentlichkeitsgesetz.ch\/deutsch\/files\/2025\/06\/2506181320_rhn8027_www.huenerfauth.ch_-scaled.jpg\" \/><\/div><div><img decoding=\"async\" src=\"https:\/\/www.oeffentlichkeitsgesetz.ch\/deutsch\/files\/2025\/06\/2506181150_rhn7732_www.huenerfauth.ch_-scaled.jpg\" \/><\/div><div><img decoding=\"async\" src=\"https:\/\/www.oeffentlichkeitsgesetz.ch\/deutsch\/files\/2025\/06\/2506181333_rhn8067_www.huenerfauth.ch_-scaled.jpg\" \/><\/div><div><img decoding=\"async\" src=\"https:\/\/www.oeffentlichkeitsgesetz.ch\/deutsch\/files\/2025\/06\/2506181202_rhn7800_www.huenerfauth.ch_-scaled.jpg\" \/><\/div><div><img decoding=\"async\" src=\"https:\/\/www.oeffentlichkeitsgesetz.ch\/deutsch\/files\/2025\/06\/2506181212_rhn7848_www.huenerfauth.ch_-scaled.jpg\" \/><\/div><div><img decoding=\"async\" src=\"https:\/\/www.oeffentlichkeitsgesetz.ch\/deutsch\/files\/2025\/06\/2506181251_rhn7970_www.huenerfauth.ch_-scaled.jpg\" \/><\/div><div><img decoding=\"async\" src=\"https:\/\/www.oeffentlichkeitsgesetz.ch\/deutsch\/files\/2025\/06\/2506181327_rhn8044_www.huenerfauth.ch_-1-scaled.jpg\" \/><\/div><div><img decoding=\"async\" src=\"https:\/\/www.oeffentlichkeitsgesetz.ch\/deutsch\/files\/2025\/06\/2506181234_rhn7922_www.huenerfauth.ch_-scaled.jpg\" \/><\/div><\/div>\u00abTransparenz-Zmittag\u00bb: Medien und Verwaltung diskutieren in Winterthur \u00fcber die Umsetzung des \u00d6ffentlichkeitsprinzips. (Fotos: Raphael H\u00fcnerfauth)<\/div>\n<p><strong>Gemeinsamer Tisch<\/strong><\/p>\n<p>Ein erster Austausch zwischen Medien und Verwaltung der Kantone St. Gallen, Thurgau und Schaffhausen hat am 18. Juni 2025 an einem \u00abTransparenz-Zmittag\u00bb (aus geografischen Gr\u00fcnden in Winterthur) stattgefunden. In engagierten Gespr\u00e4chsrunden wurde \u00fcber die Chancen und die Herausforderungen der \u00d6ffentlichkeitsgesetze debattiert.<\/p>\n<p>Die Teilnehmenden waren sich einig: Eine gute Umsetzungspraxis sei wichtig und im Interesse aller, hingegen seien das Bewusstsein f\u00fcr Transparenz und das Wissen zu den jeweiligen Bestimmungen teilweise l\u00fcckenhaft. Auch sei bei einigen Verwaltungsangestellten das Amtsgeheimnis immer noch in der DNA \u2013 selbst wenn die Strafbestimmungen bereits 2018 gelockert wurden.<\/p>\n<p><strong>Unterst\u00fctzung und Weiterbildung f\u00fcr Medienschaffende<\/strong><\/p>\n<p>Genau hier setzt der Verein\u00a0<em>\u00d6ffentlichkeitgesetz.ch<\/em>\u00a0mit seinem Regio-Projekt an. Auf unserer Webseite stellen wir Ressourcen zur Verf\u00fcgung, die regional wirkenden Medienschaffenden zugutekommen. So k\u00f6nnen auch die Gerichtsentscheide kantonaler Gerichte zu den \u00d6ffentlichkeitsgesetzen abgerufen werden. Die wichtigsten Fragen zu den Gesetzen der Projektregionen werden in einem erweiterten FAQ beantwortet.<\/p>\n<p>Zudem bieten wir\u00a0<a href=\"https:\/\/www.oeffentlichkeitsgesetz.ch\/deutsch\/regio\/\"><em>ein breites Schulungsangebot<\/em><\/a>\u00a0an, um den Umgang mit den Transparenzgesetzen auf regionaler Ebene zu f\u00f6rdern. Medienschaffende werden kostenlos in Kursen und in einem vertiefenden Lehrgang geschult. In den Kursen erkl\u00e4ren wir Medienschaffenden M\u00f6glichkeiten und Grenzen der \u00d6ffentlichkeitsgesetze. Weiter bieten wir ein kostenloses Coaching an, in dem wir sie in ihren individuellen Projekten unterst\u00fctzen.<\/p>\n<p><strong>Zusammenarbeit mit innovativen Kr\u00e4ften aus der Verwaltung<\/strong><\/p>\n<p>Auch der Austausch ist uns wichtig. Deshalb setzen wir auf innovative Kr\u00e4fte in der Verwaltung. Im Zentrum steht der Allgemeinnutzen, der von den \u00d6ffentlichkeitsgesetzen ausgeht \u2013 und der Grundgedanke, dass eine transparente Verwaltung eine wichtige Ressource f\u00fcr Staat, Gesellschaft und auch f\u00fcr die Verwaltung selbst ist.<\/p>\n<p>Im Rahmen des Regionenprojekts wurde in einer Arbeitsgruppe mit Vertreterinnen und Vertreter von Verwaltung, Medien und Wissenschaft\u00a0<a href=\"https:\/\/www.oeffentlichkeitsgesetz.ch\/deutsch\/gute-praxis\/\"><em>ein Leitfaden<\/em><\/a>\u00a0f\u00fcr eine \u00absachgerechte Umsetzung der \u00d6ffentlichkeitsgesetze\u00bb erarbeitet. Dieser skizziert eine gute Praxis, sowohl f\u00fcr die Medien wie auch f\u00fcr die Verwaltung. Er bietet eine Hilfestellung f\u00fcr einen professionellen Umgang mit den \u00d6ffentlichkeitsgesetzen.<\/p>\n<p><strong>\u00dcber Verwaltungstransparenz debattieren<\/strong><\/p>\n<p>Ein Kernst\u00fcck des Projekts ist eine Online-Akademie zu den Transparenzgesetzen. Im\u00a0<a href=\"https:\/\/www.oeffentlichkeitsgesetz.ch\/deutsch\/cafe-transparence\/\"><em>\u00abCaf\u00e9 Transparence\u00bb<\/em><\/a>\u00a0werden seit 2023 regelm\u00e4ssig Streaming-Veranstaltungen zum Thema abgehalten. Wir vermitteln Know-how, f\u00f6rdern aber auch den Dialog zwischen Medien und Verwaltung. Gerne nehmen wir auch Inputs entgegen.<\/p>\n<p>Finanziert wird das Projekt, mit dem die demokratische Teilhabe und der Regionaljournalismus gest\u00e4rkt werden, von der Stiftung Mercator Schweiz, der Volkart Stiftung, der Gottlieb und Hans Vogt Stiftung und der Schweizerischen Gemeinn\u00fctzigen Gesellschaft.<\/p>\n<p>&nbsp;<\/p>\n<p>&nbsp;<\/p>\n","protected":false},"excerpt":{"rendered":"<p>Von Eva Hirschi.\u00a0Die vierte Staffel unseres Regionenprojekts ist gestartet: Neu setzt sich \u00d6ffentlichkeitsgesetz.ch auch in den Kantonen St. Gallen, Thurgau und Schaffhausen mit diversen Aktivit\u00e4ten f\u00fcr eine gute Umsetzung des \u00d6ffentlichkeitsprinzips ein. St. Gallen hat eines, der Thurgau auch, Schaffhausen zumindest indirekt: Die \u00d6ffentlichkeitsgesetze werden in den Ostschweizer Kantonen unterschiedlich gehandhabt. So hat der Thurgau [&hellip;]<\/p>\n","protected":false},"author":12,"featured_media":0,"comment_status":"closed","ping_status":"closed","sticky":false,"template":"","format":"standard","meta":{"footnotes":""},"categories":[1],"tags":[106,152,171],"class_list":["post-18309","post","type-post","status-publish","format-standard","hentry","category-bundesverwaltung","tag-kanton-schaffhausen","tag-kanton-st-gallen","tag-kanton-thurgau"],"_links":{"self":[{"href":"https:\/\/www.oeffentlichkeitsgesetz.ch\/deutsch\/wp-json\/wp\/v2\/posts\/18309","targetHints":{"allow":["GET"]}}],"collection":[{"href":"https:\/\/www.oeffentlichkeitsgesetz.ch\/deutsch\/wp-json\/wp\/v2\/posts"}],"about":[{"href":"https:\/\/www.oeffentlichkeitsgesetz.ch\/deutsch\/wp-json\/wp\/v2\/types\/post"}],"author":[{"embeddable":true,"href":"https:\/\/www.oeffentlichkeitsgesetz.ch\/deutsch\/wp-json\/wp\/v2\/users\/12"}],"replies":[{"embeddable":true,"href":"https:\/\/www.oeffentlichkeitsgesetz.ch\/deutsch\/wp-json\/wp\/v2\/comments?post=18309"}],"version-history":[{"count":3,"href":"https:\/\/www.oeffentlichkeitsgesetz.ch\/deutsch\/wp-json\/wp\/v2\/posts\/18309\/revisions"}],"predecessor-version":[{"id":18371,"href":"https:\/\/www.oeffentlichkeitsgesetz.ch\/deutsch\/wp-json\/wp\/v2\/posts\/18309\/revisions\/18371"}],"wp:attachment":[{"href":"https:\/\/www.oeffentlichkeitsgesetz.ch\/deutsch\/wp-json\/wp\/v2\/media?parent=18309"}],"wp:term":[{"taxonomy":"category","embeddable":true,"href":"https:\/\/www.oeffentlichkeitsgesetz.ch\/deutsch\/wp-json\/wp\/v2\/categories?post=18309"},{"taxonomy":"post_tag","embeddable":true,"href":"https:\/\/www.oeffentlichkeitsgesetz.ch\/deutsch\/wp-json\/wp\/v2\/tags?post=18309"}],"curies":[{"name":"wp","href":"https:\/\/api.w.org\/{rel}","templated":true}]}}