{"id":15305,"date":"2023-05-17T12:56:47","date_gmt":"2023-05-17T11:56:47","guid":{"rendered":"https:\/\/www.oeffentlichkeitsgesetz.ch\/deutsch\/?p=15305"},"modified":"2023-05-17T13:01:17","modified_gmt":"2023-05-17T12:01:17","slug":"im-kanton-zuerich-fehlt-eine-gute-haltung-zur-transparenz","status":"publish","type":"post","link":"https:\/\/www.oeffentlichkeitsgesetz.ch\/deutsch\/2023\/05\/im-kanton-zuerich-fehlt-eine-gute-haltung-zur-transparenz\/","title":{"rendered":"\u00abIm Kanton Z\u00fcrich fehlt eine gute Haltung zur Transparenz\u00bb"},"content":{"rendered":"<div id=\"attachment_15337\" class=\"wp-caption alignnone\" style=\"width: 592px\"><img loading=\"lazy\" decoding=\"async\" class=\"wp-image-15337 size-full\" src=\"https:\/\/www.oeffentlichkeitsgesetz.ch\/deutsch\/files\/2023\/05\/Regio-ZHR.jpg\" alt=\"\" width=\"582\" height=\"327\" srcset=\"https:\/\/www.oeffentlichkeitsgesetz.ch\/deutsch\/files\/2023\/05\/Regio-ZHR.jpg 582w, https:\/\/www.oeffentlichkeitsgesetz.ch\/deutsch\/files\/2023\/05\/Regio-ZHR-300x169.jpg 300w\" sizes=\"auto, (max-width: 582px) 100vw, 582px\" \/> Muss hartn\u00e4ckig um Zugang zu Akten k\u00e4mpfen: Die Journalistin Lisa Aeschlimann.<p class=\"wp-caption-text\"><\/p><\/div>\n<p><em>Von Eva Hirschi. <\/em><strong>Verz\u00f6gerte Antworten, fehlende Begr\u00fcndungen, herablassender Tonfall: Die Journalistin Lisa Aeschlimann stiess bei der Z\u00fcrcher Kantonsverwaltung immer wieder auf harten Widerstand. Was m\u00fcsste besser laufen bei der Umsetzung des Z\u00fcrcher Informationsgesetzes?\u00a0<\/strong><\/p>\n<p>Zuerst hiess es, man habe den Rekurs gegen ein abgelehntes Einsichtsgesuch \u00ab\u00fcbersehen\u00bb, ein paar Monate sp\u00e4ter lautete die Antwort, die Bearbeitung ihres Antrags sei \u00ableider noch nicht passiert\u00bb. Insgesamt wartete sie eineinhalb Jahre. Von solchen Erfahrungen mit der Z\u00fcrcher Kantonsverwaltung erz\u00e4hlte die Journalistin Lisa Aeschlimann im Caf\u00e9 Transparence.<\/p>\n<p><!--more--><\/p>\n<p><div class=\"embed-responsive embed-responsive-16by9\"><div class=\"iframe-container\"><iframe loading=\"lazy\" class=\"embed-responsive-item\"  title=\"Wo im Kanton Z\u00fcrich der Schuh dr\u00fcckt\" width=\"500\" height=\"281\" src=\"https:\/\/www.youtube.com\/embed\/aXa-AOIIbAw?feature=oembed\" frameborder=\"0\" allow=\"accelerometer; autoplay; clipboard-write; encrypted-media; gyroscope; picture-in-picture; web-share\" referrerpolicy=\"strict-origin-when-cross-origin\" allowfullscreen><\/iframe><\/div><\/div>\n<\/p>\n<p><em><p class=\"video-caption\">\u00abZum Teil auch willk\u00fcrlich\u00bb Scharfe Kritik von Medienschaffenden an der Z\u00fcrcher Kantonsverwaltung.<\/em><em><\/p><br \/>\n<\/em>Das sei nicht nur frustrierend, sagt Lisa Aeschlimann, es sei auch eine Ressourcenverschwendung \u2013 \u00abnicht nur f\u00fcr uns auf der Redaktion, sondern auch bei der Verwaltung, also von Leuten, die von Steuerzahlerinnen und Steuerzahlern finanziert werden, die ein Recht haben zu wissen, warum die Regierung so entscheidet\u00bb.<\/p>\n<p><strong>Von Zur\u00fcckhaltung bis Willk\u00fcr<\/strong><\/p>\n<p>F\u00fcr ihre Arbeit, fr\u00fcher beim \u00abTages-Anzeiger\u00bb und jetzt beim \u00abSonntagsblick\u00bb, hat die Journalistin bereits einige Zugangsgesuche mit dem Z\u00fcrcher \u00d6ffentlichkeitsgesetz eingereicht. Sie stellt fest: \u00abDer Kanton Z\u00fcrich ist sehr zur\u00fcckhaltend, was das \u00d6ffentlichkeitsprinzip anbelangt. Und zum Teil auch willk\u00fcrlich.\u00bb Sie spricht den Fall eines Klimaprotestes vor der Credit Suisse im Jahr 2019 an: Ein Klimaaktivist hatte Einsicht in Strafbefehle verlangt, diese aber nicht erhalten. Als jedoch der Z\u00fcrcher SVP-Kantonsrat Claudio Schmid ein gleiches Gesuch stellte, <a href=\"https:\/\/www.republik.ch\/2020\/09\/30\/vom-ringen-um-ein-recht-willkuer-bei-der-staatsanwaltschaft\">wurde ihm die Einsicht gew\u00e4hrt<\/a> \u2013 sogar ohne Anonymisierung der Namen.<\/p>\n<div class=\"infobox mit-bild\"><h2>Wissen zur Verwaltungstransparenz<\/h2><div class=\"flex\"><div class=\"bild\"><img decoding=\"async\" src=\"https:\/\/www.oeffentlichkeitsgesetz.ch\/deutsch\/files\/2023\/04\/cafe_transparence_logo_rgb-160.jpg\"><\/div><div class=\"text\">In der Online-Akademie Caf\u00e9 Transparence vermitteln wir Wissen rund um die \u00d6ffentlichkeitsgesetze von Bund und Kantonen. Medienschaffende erz\u00e4hlen ihre Recherchen und diskutieren mit der Verwaltung.<\/div><\/div><p style=\"text-align:right;margin:0\"><a class=\"sc-button  sc-button-short\" href=\"https:\/\/www.oeffentlichkeitsgesetz.ch\/deutsch\/cafe-transparence\/\">Aktuelle Veranstaltungen<\/a><\/p><\/div>\n<p>\u00abDas macht keinen professionellen Eindruck\u00bb, sagt Aeschlimann. Es gebe auch F\u00e4lle, in welchen andere Kantone Dokumente rausgegeben hatten, der Kanton Z\u00fcrich jedoch nicht. Ein Beispiel seien die kantonalen Corona-Krisenst\u00e4be: W\u00e4hrend einige Kantone diese Protokolle publiziert haben, hielt der Kanton Z\u00fcrich seine unter Verschluss. Ein anderes Beispiel seien <a href=\"https:\/\/www.oeffentlichkeitsgesetz.ch\/downloads\/geschichten\/artikel\/2020-08-31-Blick-Pesdizid.pdf\">Pestiziduntersuchungen<\/a>: Gewisse Kantone zeigten auf, wie belastet das Grundwasser war, der Kanton Z\u00fcrich aber schwieg. Die Kommentare der Teilnehmenden des Caf\u00e9 Transparence zeigen: Auch andere Personen haben schlechte Erfahrungen mit dem IDG im Kanton Z\u00fcrich gemacht. Mehrere von <em>\u00d6ffentlichkeitsgesetz.ch<\/em> angefragte kantonale Stellen verzichteten auf eine Teilnahme der im Internet ausgestrahlten Diskussionsrunde.<\/p>\n<p><strong>An Begr\u00fcndungspflicht festhalten<\/strong><\/p>\n<p>Obwohl der Kanton seit 2006 das \u00d6ffentlichkeitsprinzip im Gesetz \u00fcber die Information und den Datenschutz (IDG) verankert hat, stellt Aeschlimann einen Widerwillen gegen die Herausgabe von Informationen fest: \u00abDie Kultur um dieses Gesetz ist nicht vorhanden. Es fehlt die Mentalit\u00e4t, dass die Verwaltung grunds\u00e4tzlich \u00f6ffentlich ist. Und dass Ausnahmen von diesem Prinzip nicht die Regel sind, sondern begr\u00fcndet werden m\u00fcssen.\u00bb<\/p>\n<p>Aeschlimann hat selber erlebt, dass dem nicht immer so ist. So w\u00fcrde etwa bei einer Ablehnung des Einsichtsgesuches nicht systematisch eine anfechtbare Verf\u00fcgung mitgeschickt. Sie musste auch schon mehrmals nachhaken \u2013 jeweils mittels eingeschriebener Briefe, was den Prozess weiter verz\u00f6gerte.<\/p>\n","protected":false},"excerpt":{"rendered":"<p>Von Eva Hirschi. Verz\u00f6gerte Antworten, fehlende Begr\u00fcndungen, herablassender Tonfall: Die Journalistin Lisa Aeschlimann stiess bei der Z\u00fcrcher Kantonsverwaltung immer wieder auf harten Widerstand. Was m\u00fcsste besser laufen bei der Umsetzung des Z\u00fcrcher Informationsgesetzes?\u00a0 Zuerst hiess es, man habe den Rekurs gegen ein abgelehntes Einsichtsgesuch \u00ab\u00fcbersehen\u00bb, ein paar Monate sp\u00e4ter lautete die Antwort, die Bearbeitung ihres [&hellip;]<\/p>\n","protected":false},"author":12,"featured_media":0,"comment_status":"open","ping_status":"closed","sticky":false,"template":"","format":"standard","meta":{"footnotes":""},"categories":[1],"tags":[144],"class_list":["post-15305","post","type-post","status-publish","format-standard","hentry","category-bundesverwaltung","tag-kanton-zurich"],"_links":{"self":[{"href":"https:\/\/www.oeffentlichkeitsgesetz.ch\/deutsch\/wp-json\/wp\/v2\/posts\/15305","targetHints":{"allow":["GET"]}}],"collection":[{"href":"https:\/\/www.oeffentlichkeitsgesetz.ch\/deutsch\/wp-json\/wp\/v2\/posts"}],"about":[{"href":"https:\/\/www.oeffentlichkeitsgesetz.ch\/deutsch\/wp-json\/wp\/v2\/types\/post"}],"author":[{"embeddable":true,"href":"https:\/\/www.oeffentlichkeitsgesetz.ch\/deutsch\/wp-json\/wp\/v2\/users\/12"}],"replies":[{"embeddable":true,"href":"https:\/\/www.oeffentlichkeitsgesetz.ch\/deutsch\/wp-json\/wp\/v2\/comments?post=15305"}],"version-history":[{"count":3,"href":"https:\/\/www.oeffentlichkeitsgesetz.ch\/deutsch\/wp-json\/wp\/v2\/posts\/15305\/revisions"}],"predecessor-version":[{"id":15344,"href":"https:\/\/www.oeffentlichkeitsgesetz.ch\/deutsch\/wp-json\/wp\/v2\/posts\/15305\/revisions\/15344"}],"wp:attachment":[{"href":"https:\/\/www.oeffentlichkeitsgesetz.ch\/deutsch\/wp-json\/wp\/v2\/media?parent=15305"}],"wp:term":[{"taxonomy":"category","embeddable":true,"href":"https:\/\/www.oeffentlichkeitsgesetz.ch\/deutsch\/wp-json\/wp\/v2\/categories?post=15305"},{"taxonomy":"post_tag","embeddable":true,"href":"https:\/\/www.oeffentlichkeitsgesetz.ch\/deutsch\/wp-json\/wp\/v2\/tags?post=15305"}],"curies":[{"name":"wp","href":"https:\/\/api.w.org\/{rel}","templated":true}]}}