{"id":14873,"date":"2023-01-21T19:18:46","date_gmt":"2023-01-21T18:18:46","guid":{"rendered":"https:\/\/www.oeffentlichkeitsgesetz.ch\/deutsch\/?p=14873"},"modified":"2024-08-23T12:58:53","modified_gmt":"2024-08-23T10:58:53","slug":"besser-wuerde-sich-die-politik-um-legal-leaks-kuemmern","status":"publish","type":"post","link":"https:\/\/www.oeffentlichkeitsgesetz.ch\/deutsch\/2023\/01\/besser-wuerde-sich-die-politik-um-legal-leaks-kuemmern\/","title":{"rendered":"Besser w\u00fcrde sich die Politik um \u00abLegal Leaks\u00bb k\u00fcmmern"},"content":{"rendered":"<div id=\"attachment_14891\" class=\"wp-caption alignnone\" style=\"width: 593px\"><img loading=\"lazy\" decoding=\"async\" class=\"wp-image-14891 size-full\" src=\"https:\/\/www.oeffentlichkeitsgesetz.ch\/deutsch\/files\/2023\/01\/475096718_highres.png\" alt=\"\" width=\"583\" height=\"328\" srcset=\"https:\/\/www.oeffentlichkeitsgesetz.ch\/deutsch\/files\/2023\/01\/475096718_highres.png 583w, https:\/\/www.oeffentlichkeitsgesetz.ch\/deutsch\/files\/2023\/01\/475096718_highres-300x169.png 300w\" sizes=\"auto, (max-width: 583px) 100vw, 583px\" \/> Anlass hitziger Diskussionen: Ex-Kommunikationschef Peter Lauener mit Bundesrat Alain Berset. (Foto: Alessandro della Valle\/Keystone)<p class=\"wp-caption-text\"><\/p><\/div>\n<p>&nbsp;<\/p>\n<p><strong><span style=\"color: #fff;background-color: #000;padding: 1px 5px\">KOMMENTAR<\/span><\/strong><b> Werden vertrauliche Informationen unkontrolliert und auf verschlungenen Wegen \u00f6ffentlich, ruft die Politik gerne nach dem Staatsanwalt. Nachhaltiger w\u00e4re, die Verwaltungstransparenz zu st\u00e4rken.<\/b><\/p>\n<p>Die Berichterstattung \u00fcber Verwaltungsdossiers ist in den letzten Jahren schwieriger geworden. Ein wachsender Trupp Informationsbeauftragter wacht \u00fcber das Geschehen. Er sorgt daf\u00fcr, dass Informationen kanalisiert und sorgsam aufbereitet zug\u00e4nglich gemacht werden. Was nicht an die \u00d6ffentlichkeit soll, wird weggesperrt.\u00a0<\/p>\n<p><!--more--><\/p>\n<p>&nbsp;<\/p>\n<p>Das ist nicht \u00fcberall, aber viel<span data-offset-key=\"a3j9g-853-0\">er<\/span><span data-offset-key=\"a3j9g-854-0\">orts<\/span> <span data-offset-key=\"a3j9g-858-0\">die<\/span><span data-offset-key=\"a3j9g-859-0\"> \u00fc<\/span><span data-offset-key=\"a3j9g-860-0\">b<\/span><span data-offset-key=\"a3j9g-861-0\">lic<\/span><span data-offset-key=\"a3j9g-862-0\">he<\/span><span data-offset-key=\"a3j9g-863-0\"> Pra<\/span><span data-offset-key=\"a3j9g-864-0\">x<\/span><span data-offset-key=\"a3j9g-865-0\">is<\/span><span data-offset-key=\"a3j9g-866-0\">. <\/span>Dass es in einem kommunikationsunfreundlichen Klima zu Indiskretionen kommt, liegt auf der Hand. Im fehlgeleiteten System dienen Indiskretionen als \u00dcberdruckventil.<\/p>\n<p>Zwar sind Indiskretionen auch wichtig, beispielsweise, wo Missst\u00e4nde unter dem Deckel gehalten werden. Indiskretionen sind aber auch ungut: Schlecht f\u00fcr die Verwaltung, weil Vertrauensbr\u00fcche das Arbeitsklima vergiften. Ungut f\u00fcr Medien, wenn sich diese von ihren Tippgebern abh\u00e4ngig machen und auf die gebotene Distanz zu denjenigen verzichten, die sie eigentlich beaufsichtigen m\u00fcssten.<\/p>\n<p><strong>Eigenm\u00e4chtige Verantwortungstr\u00e4ger einschr\u00e4nken<\/strong><\/p>\n<p>Dabei w\u00e4ren die bei Regierung und Verwaltung nicht sonderlich beliebten \u00d6ffentlichkeitsgesetze ein nachhaltiges Mittel gegen \u00fcberbordende Indiskretionen. Bei einer sachgerechten Umsetzung profitierten beide, Verwaltung und \u00d6ffentlichkeit. Die<span data-offset-key=\"c4o3p-709-0\"> Ver<\/span><span data-offset-key=\"c4o3p-710-0\">w<\/span><span data-offset-key=\"c4o3p-711-0\">alt<\/span><span data-offset-key=\"c4o3p-712-0\">ung<\/span><span data-offset-key=\"c4o3p-713-0\"> be<\/span><span data-offset-key=\"c4o3p-714-0\">k<\/span><span data-offset-key=\"c4o3p-715-0\">omm<\/span><span data-offset-key=\"c4o3p-716-0\">t<\/span><span data-offset-key=\"c4o3p-717-0\"> d<\/span><span data-offset-key=\"c4o3p-718-0\">urch<\/span><span data-offset-key=\"c4o3p-719-0\"> die<\/span><span data-offset-key=\"c4o3p-720-0\"> Ges<\/span><span data-offset-key=\"c4o3p-721-0\">et<\/span><span data-offset-key=\"c4o3p-722-0\">ze<\/span><span data-offset-key=\"c4o3p-723-0\"> den<\/span><span data-offset-key=\"c4o3p-724-0\"> not<\/span><span data-offset-key=\"c4o3p-725-0\">w<\/span><span data-offset-key=\"c4o3p-726-0\">end<\/span><span data-offset-key=\"c4o3p-727-0\">igen<\/span><span data-offset-key=\"c4o3p-728-0\"> Fre<\/span><span data-offset-key=\"c4o3p-729-0\">ira<\/span><span data-offset-key=\"c4o3p-730-0\">um<\/span>, um ihre Aufgaben zu erf\u00fcllen. Sie kann unter Ausschluss der \u00d6ffentlichkeit ihre Entscheide f\u00e4llen. So steht es im Gesetz. Die Medien wiederum haben dank den \u00d6ffentlichkeitsgesetzen ein umfassendes Recht auf Informationen.<\/p>\n<p>&nbsp;<\/p>\n<p>Souver\u00e4n umgesetzt entmachteten die \u00d6ffentlichkeitsgesetze unspektakul\u00e4r diejenigen, die<span data-offset-key=\"3ovgc-1263-0\"> meinen,<\/span><span data-offset-key=\"3ovgc-1266-0\"> s<\/span><span data-offset-key=\"3ovgc-1267-0\">ie<\/span><span data-offset-key=\"3ovgc-1268-0\"> k<\/span><span data-offset-key=\"3ovgc-1269-0\">\u00f6<\/span><span data-offset-key=\"3ovgc-1270-0\">nn<\/span><span data-offset-key=\"3ovgc-1271-0\">ten<\/span><span data-offset-key=\"3ovgc-1272-0\"> s<\/span><span data-offset-key=\"3ovgc-1273-0\">ich<\/span><span data-offset-key=\"3ovgc-1274-0\"> i<\/span><span data-offset-key=\"3ovgc-1275-0\">h<\/span><span data-offset-key=\"3ovgc-1276-0\">re<\/span><span data-offset-key=\"3ovgc-1277-0\"> e<\/span><span data-offset-key=\"3ovgc-1278-0\">igen<\/span><span data-offset-key=\"3ovgc-1279-0\">en<\/span><span data-offset-key=\"3ovgc-1280-0\"> K<\/span><span data-offset-key=\"3ovgc-1281-0\">omm<\/span><span data-offset-key=\"3ovgc-1282-0\">un<\/span><span data-offset-key=\"3ovgc-1283-0\">ik<\/span><span data-offset-key=\"3ovgc-1284-0\">ations<\/span><span data-offset-key=\"3ovgc-1285-0\">reg<\/span><span data-offset-key=\"3ovgc-1286-0\">eln<\/span><span data-offset-key=\"3ovgc-1287-0\"> sch<\/span><span data-offset-key=\"3ovgc-1288-0\">aff<\/span><span data-offset-key=\"3ovgc-1289-0\">en<\/span><span data-offset-key=\"3ovgc-1290-0\">. Weil die \u00d6ffentlichkeitsgesetze von den Verwaltungen aber nachl\u00e4ssig umgesetzt werden, haben sie im Schweizer Kommunikationsalltag nicht den gebotenen Stellenwert. <\/span><\/p>\n<p><strong>Was haben Politik und Regierung f\u00fcr gute Kommunikation getan?<\/strong><\/p>\n<p>Wenn sich Politiker und Regierung jetzt daran machen, die \u00abAff\u00e4re Berset\u00bb zu bew\u00e4ltigen, m\u00fcssen sie sich selbstkritisch fragen: Was haben wir in den letzten Jahren daf\u00fcr getan, dass die institutionalisierten Kommunikationskan\u00e4le gut funktionieren? Es ist nicht sonderlich viel.<\/p>\n<p>Regierung und Verwaltung haben immer wieder versucht, Zugangsrechte zu beschr\u00e4nken. So versenkte der Bundesrat das Projekt f\u00fcr ein Aktennachweis-System mit fadenscheinigen Begr\u00fcndungen. Die Bef\u00fcrchtung war gross, dass die \u00d6ffentlichkeit auf Dossiers stossen k\u00f6nnte, von denen sie noch nichts weiss. Und das ist nur ein Beispiel.<\/p>\n<p>Auch Politiker, die in den letzten Tagen eine politische Untersuchung der Corona-Leaks forderten, m\u00fcssten in sich gehen. Das \u00d6ffentlichkeitsgesetz sei das Mittel, mit dem Journalisten Verwaltungsinformationen einfordern k\u00f6nnten, argumentieren jetzt einige. Allerdings: Im Parlament geh\u00f6rten sie noch vor Kurzem zu den vehementesten Gegnern eines niederschwelligen, geb\u00fchrenbefreiten \u00d6ffentlichkeitsprinzips.<em>\u00a0Martin Stoll<\/em><\/p>\n<hr \/>\n<p><em>Martin Stoll ist Gesch\u00e4ftsf\u00fchrer von \u00d6ffentlichkeitsgesetz.ch<\/em><\/p>\n<p>&nbsp;<\/p>\n<p>&nbsp;<\/p>\n<p>&nbsp;<\/p>\n<p>&nbsp;<\/p>\n","protected":false},"excerpt":{"rendered":"<p>&nbsp; KOMMENTAR Werden vertrauliche Informationen unkontrolliert und auf verschlungenen Wegen \u00f6ffentlich, ruft die Politik gerne nach dem Staatsanwalt. Nachhaltiger w\u00e4re, die Verwaltungstransparenz zu st\u00e4rken. Die Berichterstattung \u00fcber Verwaltungsdossiers ist in den letzten Jahren schwieriger geworden. Ein wachsender Trupp Informationsbeauftragter wacht \u00fcber das Geschehen. Er sorgt daf\u00fcr, dass Informationen kanalisiert und sorgsam aufbereitet zug\u00e4nglich gemacht werden. [&hellip;]<\/p>\n","protected":false},"author":12,"featured_media":0,"comment_status":"open","ping_status":"closed","sticky":false,"template":"","format":"standard","meta":{"footnotes":""},"categories":[1],"tags":[59,198,126],"class_list":["post-14873","post","type-post","status-publish","format-standard","hentry","category-bundesverwaltung","tag-bag","tag-kommentar","tag-single-point-of-orientation"],"_links":{"self":[{"href":"https:\/\/www.oeffentlichkeitsgesetz.ch\/deutsch\/wp-json\/wp\/v2\/posts\/14873","targetHints":{"allow":["GET"]}}],"collection":[{"href":"https:\/\/www.oeffentlichkeitsgesetz.ch\/deutsch\/wp-json\/wp\/v2\/posts"}],"about":[{"href":"https:\/\/www.oeffentlichkeitsgesetz.ch\/deutsch\/wp-json\/wp\/v2\/types\/post"}],"author":[{"embeddable":true,"href":"https:\/\/www.oeffentlichkeitsgesetz.ch\/deutsch\/wp-json\/wp\/v2\/users\/12"}],"replies":[{"embeddable":true,"href":"https:\/\/www.oeffentlichkeitsgesetz.ch\/deutsch\/wp-json\/wp\/v2\/comments?post=14873"}],"version-history":[{"count":3,"href":"https:\/\/www.oeffentlichkeitsgesetz.ch\/deutsch\/wp-json\/wp\/v2\/posts\/14873\/revisions"}],"predecessor-version":[{"id":14930,"href":"https:\/\/www.oeffentlichkeitsgesetz.ch\/deutsch\/wp-json\/wp\/v2\/posts\/14873\/revisions\/14930"}],"wp:attachment":[{"href":"https:\/\/www.oeffentlichkeitsgesetz.ch\/deutsch\/wp-json\/wp\/v2\/media?parent=14873"}],"wp:term":[{"taxonomy":"category","embeddable":true,"href":"https:\/\/www.oeffentlichkeitsgesetz.ch\/deutsch\/wp-json\/wp\/v2\/categories?post=14873"},{"taxonomy":"post_tag","embeddable":true,"href":"https:\/\/www.oeffentlichkeitsgesetz.ch\/deutsch\/wp-json\/wp\/v2\/tags?post=14873"}],"curies":[{"name":"wp","href":"https:\/\/api.w.org\/{rel}","templated":true}]}}