{"id":14004,"date":"2022-02-25T06:45:52","date_gmt":"2022-02-25T05:45:52","guid":{"rendered":"https:\/\/www.oeffentlichkeitsgesetz.ch\/deutsch\/?p=14004"},"modified":"2022-02-25T20:11:29","modified_gmt":"2022-02-25T19:11:29","slug":"die-republik-gewinnt-den-prix-transparence-2021","status":"publish","type":"post","link":"https:\/\/www.oeffentlichkeitsgesetz.ch\/deutsch\/2022\/02\/die-republik-gewinnt-den-prix-transparence-2021\/","title":{"rendered":"Die \u00abRepublik\u00bb gewinnt den Prix Transparence 2021"},"content":{"rendered":"<p><div class=\"embed-responsive embed-responsive-16by9\"><div class=\"iframe-container\"><iframe loading=\"lazy\" class=\"embed-responsive-item\"  title=\"Prix Transparence 2021 - \u00d6ffentlichkeitsgesetz.ch\" width=\"500\" height=\"281\" src=\"https:\/\/www.youtube.com\/embed\/bSbI8vV5SZU?feature=oembed\" frameborder=\"0\" allow=\"accelerometer; autoplay; clipboard-write; encrypted-media; gyroscope; picture-in-picture; web-share\" referrerpolicy=\"strict-origin-when-cross-origin\" allowfullscreen><\/iframe><\/div><\/div>\n<\/p>\n<p class=\"video-caption\">F\u00fcr die Meinungsbildung wichtige Informationen\u00bb: Tech-Journalistin Fichter.<\/p>\n<p><em>Von Martin Stoll.<\/em> <strong>Mit amtlichen Dokumenten rekonstruierte sie bundesinterne Diskussionen \u00fcber eine Privatisierung der elektronischen Identit\u00e4t und deckte Strippenzieher auf. Daf\u00fcr wird die Journalistin Adrienne Fichter mit dem Prix Transparence 2021 ausgezeichnet.<\/strong><\/p>\n<p>Schweizer Medienschaffende realisierten auch im letzten Jahr gest\u00fctzt auf Beh\u00f6rdendokumente wichtige Recherchen: Sie benannten Sportvereine, die \u00fcberm\u00e4ssig von Corona-Hilfe profitierten oder enth\u00fcllten, dass der Bund f\u00fcr Hunderte Millionen ein mangelhaftes Funknetz beschaffte. Zur besten Transparenzstory des Jahres 2021 k\u00fcrte eine <a href=\"https:\/\/www.oeffentlichkeitsgesetz.ch\/deutsch\/jury-prix-transparence-2021\/\">Fachjury<\/a> den Beitrag der \u00abRepublik\u00bb zur elektronischen Identit\u00e4t (E-ID).<\/p>\n<p><!--more--><\/p>\n<p>Im Vorfeld der Volksabstimmung zur E-ID <a href=\"https:\/\/www.oeffentlichkeitsgesetz.ch\/downloads\/geschichten\/artikel\/2021-02-17-Republik-E-ID.pdf\">rekonstruierte<\/a> Adrienne Fichter f\u00fcr die \u00abRepublik\u00bb die Entstehungsgeschichte der umstrittenen Vorlage. In die Kritik gerieten \u00a0Bundesverwaltung und Regierung, weil nach ihren Pl\u00e4nen nicht der Staat, sondern private Unternehmen B\u00fcrgerinnen und B\u00fcrgern den Identit\u00e4tsausweis f\u00fcrs Internet ausstellen sollten. Zu diesem digitalpolitischen Sonderweg kam es laut den \u00abRepublik\u00bb-Recherchen nach intensivem Lobbying von Interessensverb\u00e4nden und Unternehmen.\u00a0<\/p>\n<p><strong>Ein helvetischer Sonderweg, der nicht in Stein gemeisselt war<\/strong><\/p>\n<p>Einen Meilenstein setzten die f\u00fcrs Dossier zust\u00e4ndigen Stellen (das Bundesamt f\u00fcr Justiz und das Bundesamt f\u00fcr Polizei) laut den Recherchen von Adrienne Fichter an einer gemeinsamen Sitzung im August 2014. Ein ausgearbeiteter Entwurf f\u00fcr ein E-ID-Gesetz \u2013 es sah eine rein staatliche L\u00f6sung vor \u2013 wurde abgeschrieben. \u00abMit den Dokumenten konnte ich belegen, dass der helvetische Sonderweg einer privatisierten E-ID nicht von Beginn an in Stein gemeisselt war. Dahinter steckte ein jahrelanges Lobbying von Wirtschaftsverb\u00e4nden\u00bb, sagt die Journalistin im R\u00fcckblick.<\/p>\n<div class=\"infobox\"><\/p>\n<p><strong>Die Preistr\u00e4ger des Prix Transparence<\/strong><\/p>\n<p><em>\u00d6ffentlichkeitsgesetz.ch<\/em> verleiht den Prix Transparence zum vierten Mal. Damit ausgezeichnet werden Medienschaffende, welche ein \u00d6ffentlichkeitsgesetz zielf\u00fchrend und wirkungsvoll anwenden.<\/p>\n<p><div class=\"infobox-more\"><button class=\"info-plus\" type=\"button\"><\/button><div class=\"infobox-inner\"><\/p>\n<p>Ein Pokal, der vom Berner Kunstglaser Daniel Stettler aus Berner Amtshaus-Sandstein und Glas geschaffen worden ist, wurde der \u00abRepublik\u00bb-Redaktion in Z\u00fcrich \u00fcbergeben.<\/p>\n<ul>\n<li>2020 wurden die Journalisten <a href=\"https:\/\/www.youtube.com\/watch?v=9F9IwjtLJvc\">Jan Jir\u00e1t, Kaspar Surber und Lorenz Naegeli (\u00abWOZ &#8211; Die Wochenzeitung\u00bb)<\/a> geehrt. F\u00fcnf Jahre k\u00e4mpften sie f\u00fcr Daten, die einen tiefen Einblick ins Schweizer R\u00fcstungsgesch\u00e4ft erm\u00f6glichten.<\/li>\n<li>2019 wurden <a href=\"https:\/\/www.youtube.com\/watch?v=4xzxLqn5QTU&amp;feature=emb_logo\">Nina Blaser und Anielle Peterhans (\u00abRundschau\u00bb)<\/a> ausgezeichnet. Sie brachten die Fakten \u00fcber die Preisverhandlungen zu einem Krebsmedikament auf den Tisch.<\/li>\n<li>2018 wurde <a href=\"https:\/\/www.youtube.com\/watch?v=M63mge87OTU&amp;feature=emb_logo\">Philippe Boeglin (\u00abLa Libert\u00e9\u00bb)<\/a> geehrt. Er enth\u00fcllte mithilfe des \u00d6ffentlichkeitsgesetzes Spesenexzesse der Armee.<br \/>\n<\/div><\/div><\/li>\n<\/ul>\n<p><\/div>\n<p>Zudem sei die Verwaltung eingesch\u00fcchtert gewesen durch vergangene IT-Beschaffungsskandale. \u00abSie liess sich Minderwertigkeits-Komplexe aufschwatzen. Die Meinung herrschte vor: Wir k\u00f6nnen das nicht und m\u00fcssen das Projekt deshalb an Private auslagern\u00bb, sagt Fichter. Diese Informationen seien wenige Wochen vor der Abstimmung wichtig f\u00fcr die Meinungsbildung gewesen. \u00a0An der Urne scheiterte die Vorlage klar.<\/p>\n<p>Das Bundesamt f\u00fcr Justiz hat auf die drei Zugangsgesuche der \u00abRepublik\u00bb-Journalistin rasch reagiert. Innert sechs Wochen wurden die Gesuche beantwortet. Fichter bekam viel Material zugestellt: Sitzungsprotokolle, Pr\u00e4sentationen und Aussprachepapiere. Das Material war zwar umfangreich. Das Protokoll einer entscheidenden Sitzung, an welcher 2014 der Strategiewechsel beschlossen wurde, fehlte allerdings.<\/p>\n<p><strong>Laut Jury ein gut dokumentierter Beitrag zur Meinungsbildung<\/strong><\/p>\n<p>Adrienne Fichter habe den Preis mit ihrem Artikel echt verdient, sagt Jury-Mitglied und \u00abBeobachter\u00bb-Chefredaktor Dominique Strebel: \u00abDer Beitrag leuchtet in eine Blackbox, in die man selten sieht.\u00bb Minuti\u00f6s und anhand von Dokumenten habe die Autorin belegt, wie die Verwaltung von einer staatlichen pl\u00f6tzlich auf eine wirtschaftliche L\u00f6sung umgeschwenkt habe.<\/p>\n<p>Gest\u00fctzt auf einen gut dokumentierten Text h\u00e4tten sich B\u00fcrgerinnen und B\u00fcrger im Vorfeld der Abstimmung so eine Meinung bilden k\u00f6nnen. \u00abEindr\u00fccklich hat der Beitrag gezeigt, was das \u00d6ffentlichkeitsgesetz leisten kann: Es kann zu einem Game-Changer werden\u00bb, sagt Strebel.<\/p>\n<p><strong>Kriegsmaterialkontrollen und Bergsturz auf Platz zwei und drei<\/strong><\/p>\n<p>Mit dem zweiten Platz geehrt wird eine Recherche von Tamedia-Journalist Roland Gamp. In seinem in der \u00abSonntagszeitung\u00bb erschienenen Beitrag \u00ab<a href=\"https:\/\/www.oeffentlichkeitsgesetz.ch\/downloads\/geschichten\/artikel\/2021-05-16-Sonntagszeitung-Waffen.pdf\">Schweizer Kriegsmaterial im Ausland nicht mehr auffindbar<\/a>\u00bb enth\u00fcllt er gest\u00fctzt auf interne Berichte Probleme bei der Kontrolle von Waffenausfuhren. Immer wieder sind Export-Waffen laut Dokumenten des Staatssekretariats f\u00fcr Wirtschaft (Seco) im Ausland nicht mehr auffindbar. Unklar ist so, ob die Waffen unerlaubt weitergegeben wurden.<\/p>\n<p>Die Journalistin Stefanie Habl\u00fctzel wurde mit ihrem im \u00abBeobachter\u00bb erschienenen Artikel zum Bergsturz in Bondo GR (Titel: \u00ab<a href=\"https:\/\/www.beobachter.ch\/burger-verwaltung\/bondo-vier-jahre-danach-war-das-ungluck-verhinderbar-jetzt-wird-untersucht\">War das Ungl\u00fcck verhinderbar?<\/a>\u00bb) mit dem dritten Platz ausgezeichnet. Mails, welche die Journalistin von der ETH Z\u00fcrich herausverlangt hatte, belegen, dass die Beh\u00f6rden vor einem m\u00f6glichen Naturereignis gewarnt waren. Die kritische Zone, in der acht Menschen starben, wurde trotzdem nicht gesperrt.<\/p>\n<p>Insgesamt hat\u00a0\u00d6ffentlichkeitsgesetz.ch\u00a096 Beitr\u00e4ge aus Presse, Rundfunk und TV evaluiert, welche 2021 mithilfe eines \u00d6ffentlichkeitsgesetzes realisiert worden sind.\u00a0Zehn davon\u00a0wurden f\u00fcr den Prix Transparence 2021 <a href=\"https:\/\/www.oeffentlichkeitsgesetz.ch\/deutsch\/2021\/12\/das-sind-die-nominierten-fur-den-prix-transparence-2021\/\">nominiert<\/a>.<\/p>\n<p>&nbsp;<\/p>\n","protected":false},"excerpt":{"rendered":"<p>Von Martin Stoll. Mit amtlichen Dokumenten rekonstruierte sie bundesinterne Diskussionen \u00fcber eine Privatisierung der elektronischen Identit\u00e4t und deckte Strippenzieher auf. Daf\u00fcr wird die Journalistin Adrienne Fichter mit dem Prix Transparence 2021 ausgezeichnet. Schweizer Medienschaffende realisierten auch im letzten Jahr gest\u00fctzt auf Beh\u00f6rdendokumente wichtige Recherchen: Sie benannten Sportvereine, die \u00fcberm\u00e4ssig von Corona-Hilfe profitierten oder enth\u00fcllten, dass [&hellip;]<\/p>\n","protected":false},"author":12,"featured_media":0,"comment_status":"open","ping_status":"closed","sticky":false,"template":"","format":"standard","meta":{"footnotes":""},"categories":[1],"tags":[80,134,56,188,69],"class_list":["post-14004","post","type-post","status-publish","format-standard","hentry","category-bundesverwaltung","tag-bj","tag-ethz","tag-fedpol","tag-prix-transparence","tag-seco"],"_links":{"self":[{"href":"https:\/\/www.oeffentlichkeitsgesetz.ch\/deutsch\/wp-json\/wp\/v2\/posts\/14004","targetHints":{"allow":["GET"]}}],"collection":[{"href":"https:\/\/www.oeffentlichkeitsgesetz.ch\/deutsch\/wp-json\/wp\/v2\/posts"}],"about":[{"href":"https:\/\/www.oeffentlichkeitsgesetz.ch\/deutsch\/wp-json\/wp\/v2\/types\/post"}],"author":[{"embeddable":true,"href":"https:\/\/www.oeffentlichkeitsgesetz.ch\/deutsch\/wp-json\/wp\/v2\/users\/12"}],"replies":[{"embeddable":true,"href":"https:\/\/www.oeffentlichkeitsgesetz.ch\/deutsch\/wp-json\/wp\/v2\/comments?post=14004"}],"version-history":[{"count":6,"href":"https:\/\/www.oeffentlichkeitsgesetz.ch\/deutsch\/wp-json\/wp\/v2\/posts\/14004\/revisions"}],"predecessor-version":[{"id":14079,"href":"https:\/\/www.oeffentlichkeitsgesetz.ch\/deutsch\/wp-json\/wp\/v2\/posts\/14004\/revisions\/14079"}],"wp:attachment":[{"href":"https:\/\/www.oeffentlichkeitsgesetz.ch\/deutsch\/wp-json\/wp\/v2\/media?parent=14004"}],"wp:term":[{"taxonomy":"category","embeddable":true,"href":"https:\/\/www.oeffentlichkeitsgesetz.ch\/deutsch\/wp-json\/wp\/v2\/categories?post=14004"},{"taxonomy":"post_tag","embeddable":true,"href":"https:\/\/www.oeffentlichkeitsgesetz.ch\/deutsch\/wp-json\/wp\/v2\/tags?post=14004"}],"curies":[{"name":"wp","href":"https:\/\/api.w.org\/{rel}","templated":true}]}}